[{"@context":"https:\/\/schema.org\/","@type":"Article","@id":"https:\/\/www.cherra.cz\/atmosfera-ktora-si-zasluzi-novorocenky\/#Article","mainEntityOfPage":"https:\/\/www.cherra.cz\/atmosfera-ktora-si-zasluzi-novorocenky\/","headline":"Atmosf\u00e9ra, ktor\u00e1 si zasl\u00fa\u017ei novoro\u010denky","name":"Atmosf\u00e9ra, ktor\u00e1 si zasl\u00fa\u017ei novoro\u010denky","description":"\u010cas let\u00ed ve\u013emi r\u00fdchlo a\u00a0koniec \u010fal\u0161ieho obdobia je tu. Vianoce, Silvester a\u00a0zase \u010fal\u0161\u00edch 12 mesiacov pred nami. Tak sa na chv\u00ed\u013eu zastav\u00edme a\u00a0zaspom\u00edname, \u010do v\u0161etko sme stihli a\u00a0nestihli, ak\u00e9 \u00faspechy &hellip; ","datePublished":"2024-01-03","dateModified":"2024-01-03","author":{"@type":"Person","@id":"https:\/\/www.cherra.cz\/author\/devene\/#Person","name":"devene","url":"https:\/\/www.cherra.cz\/author\/devene\/","identifier":1,"image":{"@type":"ImageObject","@id":"https:\/\/secure.gravatar.com\/avatar\/670235c08005d2f1b80a3d56a421809661de47ce0289bd1c93d0120f6ef211a4?s=96&d=mm&r=g","url":"https:\/\/secure.gravatar.com\/avatar\/670235c08005d2f1b80a3d56a421809661de47ce0289bd1c93d0120f6ef211a4?s=96&d=mm&r=g","height":96,"width":96}},"publisher":{"@type":"Organization","name":"cherra.cz","logo":{"@type":"ImageObject","@id":"\/logo.png","url":"\/logo.png","width":600,"height":60}},"url":"https:\/\/www.cherra.cz\/atmosfera-ktora-si-zasluzi-novorocenky\/","wordCount":226,"articleBody":"\u010cas let\u00ed ve\u013emi r\u00fdchlo a\u00a0koniec \u010fal\u0161ieho obdobia je tu. Vianoce, Silvester a\u00a0zase \u010fal\u0161\u00edch 12 mesiacov pred nami. Tak sa na chv\u00ed\u013eu zastav\u00edme a\u00a0zaspom\u00edname, \u010do v\u0161etko sme stihli a\u00a0nestihli, ak\u00e9 \u00faspechy a\u00a0ne\u00faspechy m\u00e1me za sebou. Ale je tie\u017e \u010das spomen\u00fa\u0165 si na \u013eud\u00ed, na ktor\u00fdch sme nemali v\u00f4bec \u010das. Niektor\u00fdch m\u00e1me mo\u017enos\u0165 nav\u0161t\u00edvi\u0165, in\u00fdch nie. Ale rozhodne ka\u017ed\u00e9mu m\u00f4\u017eeme posla\u0165 pote\u0161uj\u00face prianie. Pre niekoho to znamen\u00e1 ve\u013ea. Niekedy ani nem\u00e1me tu\u0161enie, ak\u00fa rados\u0165 m\u00f4\u017eeme nen\u00e1padn\u00fdm prian\u00edm, ktor\u00e9 vhod\u00edme, \u010di po\u0161leme do po\u0161tovej schr\u00e1nky adres\u00e1ta, urobi\u0165. Za tak\u00e9 chv\u00edle radosti to predsa stoj\u00ed a\u00a0ani to nezaberie moc \u010dasu.V\u00fdber je len na v\u00e1sAj vy sa radi zastav\u00edte pred t\u00fdm mno\u017estvom poh\u013eadn\u00edc a\u00a0prian\u00ed a\u00a0vyber\u00e1te hodiny, ktor\u00e9 by bolo pre koho to najvhodnej\u0161ie? Novoro\u010denky s\u00fa rovnako k\u00fazlom Vianoc, ktor\u00e9 neodmyslite\u013ene k\u00a0nim patr\u00ed. Ve\u010f ako by sa c\u00edtil niekto, komu poprajete ka\u017ed\u00fd rok a\u00a0pr\u00e1ve tento by ste na neho zabudli? Urobte si zoznam adres\u00e1tov, vyberte si tie najkraj\u0161ie mot\u00edvy a\u00a0dopl\u0148te do nich, \u010do potrebujete poveda\u0165.                                                                                                                                                                                                                                                                                                                                                                                                "},{"@context":"https:\/\/schema.org\/","@type":"BreadcrumbList","itemListElement":[{"@type":"ListItem","position":1,"name":"Atmosf\u00e9ra, ktor\u00e1 si zasl\u00fa\u017ei novoro\u010denky","item":"https:\/\/www.cherra.cz\/atmosfera-ktora-si-zasluzi-novorocenky\/#breadcrumbitem"}]}]