[{"@context":"https:\/\/schema.org\/","@type":"Article","@id":"https:\/\/www.cherra.cz\/co-je-to-svatebni-oznameni\/#Article","mainEntityOfPage":"https:\/\/www.cherra.cz\/co-je-to-svatebni-oznameni\/","headline":"Co je to svatebn\u00ed ozn\u00e1men\u00ed?","name":"Co je to svatebn\u00ed ozn\u00e1men\u00ed?","description":"I kdy\u017e dnes \u017eijeme v digit\u00e1ln\u00edm sv\u011bt\u011b, zrovna svatebn\u00ed ozn\u00e1men\u00ed je jednou z v\u011bc\u00ed, se kter\u00fdmi se navrac\u00edme k star\u00e9mu dobr\u00e9mu pap\u00edru, po\u0161tovn\u00edm zn\u00e1mk\u00e1m, ob\u00e1lk\u00e1m a po\u0161tovn\u00edm schr\u00e1nk\u00e1m. Svatebn\u00ed ozn\u00e1men\u00ed &hellip; ","datePublished":"2022-11-04","dateModified":"2023-06-14","author":{"@type":"Person","@id":"https:\/\/www.cherra.cz\/author\/devene\/#Person","name":"devene","url":"https:\/\/www.cherra.cz\/author\/devene\/","identifier":1,"image":{"@type":"ImageObject","@id":"https:\/\/secure.gravatar.com\/avatar\/670235c08005d2f1b80a3d56a421809661de47ce0289bd1c93d0120f6ef211a4?s=96&d=mm&r=g","url":"https:\/\/secure.gravatar.com\/avatar\/670235c08005d2f1b80a3d56a421809661de47ce0289bd1c93d0120f6ef211a4?s=96&d=mm&r=g","height":96,"width":96}},"publisher":{"@type":"Organization","name":"cherra.cz","logo":{"@type":"ImageObject","@id":"\/logo.png","url":"\/logo.png","width":600,"height":60}},"image":{"@type":"ImageObject","@id":"https:\/\/www.cherra.cz\/wp-content\/uploads\/pexels-emma-bauso-2253870%20(1).jpg","url":"https:\/\/www.cherra.cz\/wp-content\/uploads\/pexels-emma-bauso-2253870%20(1).jpg","height":0,"width":0},"url":"https:\/\/www.cherra.cz\/co-je-to-svatebni-oznameni\/","about":["V\u00fdrobky"],"wordCount":433,"articleBody":"      I kdy\u017e dnes \u017eijeme v digit\u00e1ln\u00edm sv\u011bt\u011b, zrovna svatebn\u00ed ozn\u00e1men\u00ed je jednou z v\u011bc\u00ed, se kter\u00fdmi se navrac\u00edme k star\u00e9mu dobr\u00e9mu pap\u00edru, po\u0161tovn\u00edm zn\u00e1mk\u00e1m, ob\u00e1lk\u00e1m a po\u0161tovn\u00edm schr\u00e1nk\u00e1m. Svatebn\u00ed ozn\u00e1men\u00ed m\u016f\u017eete poslat je\u0161t\u011b p\u0159ed svatbou v\u0161em t\u011bm, kter\u00e9 chcete pozvat na svou svatbu anebo se pos\u00edl\u00e1 po svatb\u011b t\u011bm, kte\u0159\u00ed na va\u0161\u00ed svatb\u011b nebyli p\u0159\u00edtomni a vy j\u00edm t\u00edmto oznamujete, \u017ee prob\u011bhla va\u0161e svatba.U n\u00e1s se pou\u017e\u00edv\u00e1 svatebn\u00ed ozn\u00e1men\u00ed hlavn\u011b pro prvn\u00ed \u00fa\u010del, tedy tak, \u017ee slou\u017e\u00ed jako pozv\u00e1nka pro va\u0161e svatebn\u00ed hosty. V\u011bt\u0161ina budouc\u00edch novoman\u017eel\u016f je\u0161t\u011b u zvan\u00ed host\u016f rozli\u0161uje, zda je chce pozvat pouze na ob\u0159ad nebo i na slavnostn\u00ed hostinu, kter\u00e1 se kon\u00e1 po ob\u0159adu. Zat\u00edm co u ob\u0159adu b\u00fdv\u00e1 kapacita v\u011bt\u0161\u00ed, na slavnostn\u00ed hostinu z finan\u010dn\u00edch i prostorov\u00fdch d\u016fvod\u016f b\u00fdvaj\u00ed v\u011bt\u0161inou pozv\u00e1ni jen rodina a bl\u00edzc\u00ed p\u0159\u00e1tel\u00e9 \u0161\u0165astn\u00e9ho p\u00e1ru. Svatebn\u00ed ozn\u00e1men\u00ed by se m\u011blo odes\u00edlat asi p\u016fl roku p\u0159ed svatbou, aby si host\u00e9 mohli v dostate\u010dn\u00e9m p\u0159edstihu zajistit v\u0161e pot\u0159ebn\u00e9. To znamen\u00e1 volno v pr\u00e1ci, dopravu a p\u0159\u00edpadn\u00e9 ubytov\u00e1n\u00ed v m\u00edst\u011b svatby. Druhou formu, tedy tu, \u017ee svatebn\u00edm ozn\u00e1men\u00edm oznamujeme, \u017ee jsme se vzali, u\u017e tak \u010dasto nevyu\u017e\u00edv\u00e1me, ale st\u00e1le se s n\u00ed m\u016f\u017eeme setkat. V\u011bt\u0161inou se pos\u00edl\u00e1 stejn\u011b jako p\u0159edchoz\u00ed svatebn\u00ed ozn\u00e1men\u00ed po\u0161tou, p\u0159\u00edpadn\u011b m\u016f\u017eete toto ozn\u00e1men\u00ed zve\u0159ejnit v m\u00edstn\u00edch novin\u00e1ch. To se d\u011bl\u00e1 hlavn\u011b na mal\u00fdch m\u011bstech a vesnic\u00edch, kde se v\u011bt\u0161ina lid\u00ed navz\u00e1jem zn\u00e1 a proto p\u0159edpokl\u00e1d\u00e1te, \u017ee v\u011bt\u0161inu z nich bude zaj\u00edmat, \u017ee u\u017e jsou z v\u00e1s novoman\u017eel\u00e9. U\u0161et\u0159\u00edte tak hodn\u011b pen\u011bz za zn\u00e1mky a po\u0161tovn\u00e9.Co by takov\u00e9 svatebn\u00ed ozn\u00e1men\u00ed m\u011blo obsahovat?Cel\u00e1 jm\u00e9na obou novoman\u017eel\u016fM\u00edsto, datum a \u010das konan\u00e9ho ob\u0159aduToto jsou dva hlavn\u00ed body, kter\u00e9 mus\u00edte v jak\u00e9mkoliv svatebn\u00edm ozn\u00e1men\u00ed uv\u00e9st. Jinak je v\u00edcem\u00e9n\u011b libovoln\u00e9, co si do nich uvedete, stejn\u011b jako jejich design. Dnes v\u00e1m r\u016fzn\u00e9 slu\u017eby dok\u00e1\u017eou zhotovit doslova jak\u00e9koliv svatebn\u00ed ozn\u00e1men\u00ed.                                                                                                                                                                                                                                                                                                                                                                                                  "},{"@context":"https:\/\/schema.org\/","@type":"BreadcrumbList","itemListElement":[{"@type":"ListItem","position":1,"name":"Co je to svatebn\u00ed ozn\u00e1men\u00ed?","item":"https:\/\/www.cherra.cz\/co-je-to-svatebni-oznameni\/#breadcrumbitem"}]}]