[{"@context":"https:\/\/schema.org\/","@type":"Article","@id":"https:\/\/www.cherra.cz\/co-nam-prinasi-globalizace\/#Article","mainEntityOfPage":"https:\/\/www.cherra.cz\/co-nam-prinasi-globalizace\/","headline":"Co n\u00e1m p\u0159in\u00e1\u0161\u00ed globalizace?","name":"Co n\u00e1m p\u0159in\u00e1\u0161\u00ed globalizace?","description":"Pokud se zept\u00e1te na nejdiskutovan\u011bj\u0161\u00ed a nejpal\u010div\u011bj\u0161\u00ed t\u00e9mata posledn\u00ed doby, pak mezi nimi rozhodn\u011b nem\u016f\u017ee chyb\u011bt globalizace. O n\u00ed sly\u0161el prakticky ka\u017ed\u00fd a ka\u017ed\u00fd na ni m\u00e1 n\u011bjak\u00fd n\u00e1zor. Co &hellip; ","datePublished":"2022-08-23","dateModified":"2023-06-14","author":{"@type":"Person","@id":"https:\/\/www.cherra.cz\/author\/devene\/#Person","name":"devene","url":"https:\/\/www.cherra.cz\/author\/devene\/","identifier":1,"image":{"@type":"ImageObject","@id":"https:\/\/secure.gravatar.com\/avatar\/670235c08005d2f1b80a3d56a421809661de47ce0289bd1c93d0120f6ef211a4?s=96&d=mm&r=g","url":"https:\/\/secure.gravatar.com\/avatar\/670235c08005d2f1b80a3d56a421809661de47ce0289bd1c93d0120f6ef211a4?s=96&d=mm&r=g","height":96,"width":96}},"publisher":{"@type":"Organization","name":"cherra.cz","logo":{"@type":"ImageObject","@id":"\/logo.png","url":"\/logo.png","width":600,"height":60}},"image":{"@type":"ImageObject","@id":"https:\/\/www.cherra.cz\/wp-content\/uploads\/zvyk1.jpg","url":"https:\/\/www.cherra.cz\/wp-content\/uploads\/zvyk1.jpg","height":0,"width":0},"url":"https:\/\/www.cherra.cz\/co-nam-prinasi-globalizace\/","about":["Spole\u010dnost"],"wordCount":418,"articleBody":"Pokud se zept\u00e1te na nejdiskutovan\u011bj\u0161\u00ed a nejpal\u010div\u011bj\u0161\u00ed t\u00e9mata posledn\u00ed doby, pak mezi nimi rozhodn\u011b nem\u016f\u017ee chyb\u011bt globalizace. O n\u00ed sly\u0161el prakticky ka\u017ed\u00fd a ka\u017ed\u00fd na ni m\u00e1 n\u011bjak\u00fd n\u00e1zor. Co p\u0159esn\u011b to ale znamen\u00e1?\u00a0Jednodu\u0161e \u0159e\u010deno, jde o slu\u010dov\u00e1n\u00ed a spojov\u00e1n\u00ed kultur po cel\u00e9m sv\u011bt\u011b do jedn\u00e9. D\u00edky tomu maj\u00ed v\u0161ichni lid\u00e9 na sv\u011bt\u011b p\u0159\u00edstup ke stejn\u00fdm v\u011bcem a nikdo nen\u00ed vylou\u010den. Od toho jsme samoz\u0159ejm\u011b je\u0161t\u011b na hony vzd\u00e1leni, av\u0161ak prvn\u00ed d\u016fsledky m\u016f\u017eeme kolem sebe vid\u011bt ji\u017e te\u010f.\u00a0T\u00edm, se kter\u00fdm se setk\u00e1v\u00e1 naprost\u00e1 v\u011bt\u0161ina z\u00a0n\u00e1s, jsou nejr\u016fzn\u011bj\u0161\u00ed obchodn\u00ed i jin\u00e9 \u0159et\u011bzce, kter\u00e9 najdeme po cel\u00e9m sv\u011bt\u011b. A ty samoz\u0159ejm\u011b nab\u00edz\u00ed prakticky to sam\u00e9, by\u0165 ob\u010das s\u00a0n\u011bjakou region\u00e1ln\u00ed variantou \u2013 nap\u0159\u00edklad v\u00a0seversk\u00fdch zem\u00edch se pravd\u011bpodobn\u011b neprod\u00e1 tolik plavek jako ve st\u0159edomo\u0159\u00ed.\u00a0\u00a0D\u00edky tomu tak m\u00e1me McDonalda \u010di KFC prakticky v\u00a0ka\u017ed\u00e9 zemi, do kter\u00e9 zav\u00edt\u00e1me. D\u00edky tomu nemus\u00edme vyj\u00edt ze sv\u00e9 komfortn\u00ed z\u00f3ny a d\u00e1t si to, na co jsme zvykl\u00ed. Nav\u00edc se tak\u00e9 prakticky v\u0161ude domluv\u00edme angli\u010dtinou, tedy alespo\u0148 v\u00a0turisticky frekventovan\u011bj\u0161\u00edch lokac\u00edch, co\u017e tak\u00e9 mnoh\u00e9 usnadn\u00ed.\u00a0Na druhou stranu je v\u0161ak tak\u00e9 pravdou, \u017ee se d\u00edky tomu ztr\u00e1c\u00ed lok\u00e1ln\u00ed variace. Nap\u0159\u00edklad v\u00a0restaurac\u00edch se p\u0159est\u00e1vaj\u00ed nab\u00edzet m\u00edstn\u00ed speciality, a nam\u00edsto toho dost\u00e1v\u00e1me v\u00fdb\u011br, kter\u00fd je v\u0161ude stejn\u00fd. Tak\u00e9 se pomalu upou\u0161t\u00ed od m\u00edstn\u00edch zvl\u00e1\u0161tnost\u00ed, nap\u0159\u00edklad ve zvyc\u00edch nebo jedn\u00e1n\u00ed.\u00a0\u00a0Koneckonc\u016f, kdo u n\u00e1s nap\u0159\u00edklad b\u011b\u017en\u011b nos\u00ed krajov\u00fd kroj? A kolik z\u00a0n\u00e1s v\u00ed, jak by m\u011bl vlastn\u011b vypadat ten z\u00a0oblasti, kde se narodili? Pouze p\u00e1r nad\u0161enc\u016f. Zbytek lid\u00ed nos\u00ed univerz\u00e1ln\u00ed oble\u010den\u00ed, kter\u00e9 se nos\u00ed jak u n\u00e1s, tak nap\u0159\u00edklad i v\u00a0USA.\u00a0Zde je tedy dobr\u00e9 se zamyslet, jestli je tento v\u00fdvoj to, co chceme. Jist\u011b, pro n\u00e1s to p\u0159edstavuje v\u011bt\u0161\u00ed pohodl\u00ed a komfort, av\u0161ak jsme ochotni zaplatit za to po\u017eadovanou cenu? Vzd\u00e1t se na\u0161ich typick\u00fdch zvl\u00e1\u0161tnost\u00ed? Odpov\u011b\u010f si mus\u00ed naj\u00edt ka\u017ed\u00fd s\u00e1m.                                                                                                                                                                                                                                                                                                                                                                                                "},{"@context":"https:\/\/schema.org\/","@type":"BreadcrumbList","itemListElement":[{"@type":"ListItem","position":1,"name":"Co n\u00e1m p\u0159in\u00e1\u0161\u00ed globalizace?","item":"https:\/\/www.cherra.cz\/co-nam-prinasi-globalizace\/#breadcrumbitem"}]}]