[{"@context":"https:\/\/schema.org\/","@type":"Article","@id":"https:\/\/www.cherra.cz\/co-vas-ceka-v-celorocnim-mobilnim-dome\/#Article","mainEntityOfPage":"https:\/\/www.cherra.cz\/co-vas-ceka-v-celorocnim-mobilnim-dome\/","headline":"Co v\u00e1s \u010dek\u00e1 v celoro\u010dn\u00edm mobiln\u00edm dom\u011b","name":"Co v\u00e1s \u010dek\u00e1 v celoro\u010dn\u00edm mobiln\u00edm dom\u011b","description":"Kone\u010dn\u011b klid M\u011bstsk\u00fd \u017eivot s sebou nese jist\u00e9 v\u00fdhody, ale i \u00faskal\u00ed a probl\u00e9my. Jedn\u00edm z nich je i zv\u00fd\u0161en\u00e1 hladina hluku a \u010dil\u00fd ruch. Dok\u00e1\u017eete si vybavit p\u00edse\u0148 Karla &hellip; ","datePublished":"2022-07-23","dateModified":"2023-06-14","author":{"@type":"Person","@id":"https:\/\/www.cherra.cz\/author\/devene\/#Person","name":"devene","url":"https:\/\/www.cherra.cz\/author\/devene\/","identifier":1,"image":{"@type":"ImageObject","@id":"https:\/\/secure.gravatar.com\/avatar\/670235c08005d2f1b80a3d56a421809661de47ce0289bd1c93d0120f6ef211a4?s=96&d=mm&r=g","url":"https:\/\/secure.gravatar.com\/avatar\/670235c08005d2f1b80a3d56a421809661de47ce0289bd1c93d0120f6ef211a4?s=96&d=mm&r=g","height":96,"width":96}},"publisher":{"@type":"Organization","name":"cherra.cz","logo":{"@type":"ImageObject","@id":"\/logo.png","url":"\/logo.png","width":600,"height":60}},"image":{"@type":"ImageObject","@id":"https:\/\/www.cherra.cz\/wp-content\/uploads\/flower-3140090_640.jpg","url":"https:\/\/www.cherra.cz\/wp-content\/uploads\/flower-3140090_640.jpg","height":0,"width":0},"url":"https:\/\/www.cherra.cz\/co-vas-ceka-v-celorocnim-mobilnim-dome\/","wordCount":414,"articleBody":"   Kone\u010dn\u011b klidM\u011bstsk\u00fd \u017eivot s sebou nese jist\u00e9 v\u00fdhody, ale i \u00faskal\u00ed a probl\u00e9my. Jedn\u00edm z nich je i zv\u00fd\u0161en\u00e1 hladina hluku a \u010dil\u00fd ruch. Dok\u00e1\u017eete si vybavit p\u00edse\u0148 Karla Gotta, kde se zp\u00edv\u00e1, cituji: \u201eJe to n\u00e1dhern\u00fd ch\u00f3r, r\u00e1mus z d\u00edlen i aut,\u2026 m\u00edsto varhan a flaut.\u201c? Skladba poch\u00e1z\u00ed z roku 1977, tehdy byl v Praze mnohem men\u0161\u00ed automobilov\u00fd provoz a tak\u00e9 tu \u017eilo m\u00e9n\u011b lid\u00ed, ulice nebyly tak p\u0159epln\u011bn\u00e9 turisty a Praha byla celkov\u011b klidn\u011bj\u0161\u00ed.N\u011bkte\u0159\u00ed citliv\u00ed jedinci v\u0161ak i tehdy Prahu vn\u00edmali jako \u00fakaz, kter\u00fd nem\u00e1 na venkov\u011b obdoby, bylo tu na n\u011b p\u0159\u00edli\u0161 ru\u0161no a do Prahy se jezdili pouze d\u00edvat na starobyl\u00e9 pam\u00e1tky a p\u0159\u00edpadn\u011b nakupovat zbo\u017e\u00ed, kter\u00e9 jinde nebylo dostupn\u00e9. Co by teprve \u0159ekli o Praze dnes?Lid\u00e9, kte\u0159\u00ed ob\u011btuj\u00ed m\u011bstsk\u00e9 pohodl\u00ed za klid venkova, si r\u00e1zem uv\u011bdom\u00ed, \u017ee smyslem \u017eivota nen\u00ed neust\u00e1le n\u011bco nakupovat a nav\u0161t\u011bvovat z\u00e1bavn\u00e9 podniky a restaurace, ve m\u011bst\u011b nen\u00ed mo\u017en\u00e9 m\u00edt takov\u00fd kontakt s p\u0159\u00edrodou, jako na Vyso\u010din\u011b nebo v Kru\u0161n\u00fdch hor\u00e1ch, m\u011bstsk\u00fd park je jaksi m\u00e1lo na to, abychom vn\u00edmali energii z prost\u0159ed\u00ed a abychom se tak\u00e9 dok\u00e1zali zastavit, spo\u010dinout a nep\u0159eh\u00e1n\u011bt to s pracovn\u00ed aktivitou, kter\u00e1 mnohdy hrani\u010d\u00ed s workoholismem.Vlastn\u00ed zahradaMobiln\u00ed d\u016fm celoro\u010dn\u00ed https:\/\/www.lavarohouse.cz\/ je mo\u017en\u00e9 postavit i na rekrea\u010dn\u00ed pozemek, sta\u010d\u00ed k tomu nosn\u00e9 patky nebo z\u00e1kladov\u00e1 deska a jistou mo\u017enost\u00ed je i n\u00e1hrada st\u00e1vaj\u00edc\u00ed rekrea\u010dn\u00ed chaty, kter\u00e1 ji\u017e nevyhovuje va\u0161im pot\u0159eb\u00e1m. Podstatn\u00e9 je, \u017ee tu m\u00e1te k dispozici vlastn\u00ed pozemek a na n\u011bm prostor pro p\u011bstov\u00e1n\u00ed ovoce a zeleniny, okrasn\u00fdch rostlin, skalni\u010dek, strom\u016f a ke\u0159\u016f. Vlastn\u00ed zahradu ocen\u00edte nap\u0159\u00edklad ve chv\u00edli, kdy si jdete utrhnout z ke\u0159\u00edku zral\u00e9 raj\u010de, anebo nab\u00eddnete d\u011btem zral\u00e9 meru\u0148ky. Je to \u00fapln\u011b n\u011bco jin\u00e9ho ve srovn\u00e1n\u00ed s n\u00e1v\u0161t\u011bvou obchodu, kde si meru\u0148ky mus\u00edte vlo\u017eit do n\u00e1kupn\u00edho  https:\/\/www.econ.muni.cz\/do\/econ\/soubory\/katedry\/kres\/4884317\/49720892\/Szczyrba.pdf ko\u0161\u00edku s v\u011bdom\u00edm, \u017ee byly skl\u00edzeny nedozr\u00e1l\u00e9, a \u017ee ani nezn\u00e1te prost\u0159ed\u00ed, kde rostly.                                                                                                                                                                                                                                                                                                                                                                                                  "},{"@context":"https:\/\/schema.org\/","@type":"BreadcrumbList","itemListElement":[{"@type":"ListItem","position":1,"name":"Co v\u00e1s \u010dek\u00e1 v celoro\u010dn\u00edm mobiln\u00edm dom\u011b","item":"https:\/\/www.cherra.cz\/co-vas-ceka-v-celorocnim-mobilnim-dome\/#breadcrumbitem"}]}]