[{"@context":"https:\/\/schema.org\/","@type":"Article","@id":"https:\/\/www.cherra.cz\/doplnte-svuj-outfit-stylovymi-kozenymi-prvky\/#Article","mainEntityOfPage":"https:\/\/www.cherra.cz\/doplnte-svuj-outfit-stylovymi-kozenymi-prvky\/","headline":"Dopl\u0148te sv\u016fj outfit stylov\u00fdmi ko\u017een\u00fdmi prvky","name":"Dopl\u0148te sv\u016fj outfit stylov\u00fdmi ko\u017een\u00fdmi prvky","description":"Jedn\u00edm takov\u00fdm prvkem je bezpochyby k\u016f\u017ee. Ko\u017een\u00e9 oble\u010den\u00ed, ko\u017een\u00e9 dopl\u0148ky&#8230;to v\u0161echno m\u016f\u017eete za\u0159adit do sv\u00e9ho \u0161atn\u00edku bez obav, \u017ee byste p\u016fsobili starom\u00f3dn\u011b. Pozor, samoz\u0159ejm\u011b tu mluv\u00edme o um\u011bl\u00e9 k\u016f\u017ei. U\u017e &hellip; ","datePublished":"2022-08-26","dateModified":"2023-06-14","author":{"@type":"Person","@id":"https:\/\/www.cherra.cz\/author\/devene\/#Person","name":"devene","url":"https:\/\/www.cherra.cz\/author\/devene\/","identifier":1,"image":{"@type":"ImageObject","@id":"https:\/\/secure.gravatar.com\/avatar\/670235c08005d2f1b80a3d56a421809661de47ce0289bd1c93d0120f6ef211a4?s=96&d=mm&r=g","url":"https:\/\/secure.gravatar.com\/avatar\/670235c08005d2f1b80a3d56a421809661de47ce0289bd1c93d0120f6ef211a4?s=96&d=mm&r=g","height":96,"width":96}},"publisher":{"@type":"Organization","name":"cherra.cz","logo":{"@type":"ImageObject","@id":"\/logo.png","url":"\/logo.png","width":600,"height":60}},"image":{"@type":"ImageObject","@id":"https:\/\/www.cherra.cz\/wp-content\/uploads\/pexels-ebru-akal-12622634.jpg","url":"https:\/\/www.cherra.cz\/wp-content\/uploads\/pexels-ebru-akal-12622634.jpg","height":0,"width":0},"url":"https:\/\/www.cherra.cz\/doplnte-svuj-outfit-stylovymi-kozenymi-prvky\/","about":["V\u00fdrobky"],"wordCount":437,"articleBody":"   Jedn\u00edm takov\u00fdm prvkem je bezpochyby k\u016f\u017ee. Ko\u017een\u00e9 oble\u010den\u00ed, ko\u017een\u00e9 dopl\u0148ky&#8230;to v\u0161echno m\u016f\u017eete za\u0159adit do sv\u00e9ho \u0161atn\u00edku bez obav, \u017ee byste p\u016fsobili starom\u00f3dn\u011b.Pozor, samoz\u0159ejm\u011b tu mluv\u00edme o um\u011bl\u00e9 k\u016f\u017ei. U\u017e d\u00e1vno jsou ty \u010dasy pry\u010d, kdy nejobl\u00edben\u011bj\u0161\u00ed z t\u011bchto v\u011bc\u00ed byla prav\u00e1 k\u016f\u017ee. Dne\u0161n\u00ed doba je naklon\u011bn\u00e1 sp\u00ed\u0161e obl\u00e9k\u00e1n\u00ed, p\u0159i kter\u00e9m nemuselo zem\u0159\u00edt \u010di trp\u011bt \u017e\u00e1dn\u00e9 zv\u00ed\u0159\u00e1tko. Nav\u00edc, m\u00f3dn\u00ed \u0159et\u011bzce dnes um\u00ed ud\u011blat tak skv\u011bl\u00e9 napodobeniny, \u017ee p\u016fsob\u00ed velmi v\u011brn\u011b, jako opravdov\u00e1 k\u016f\u017ee. Nav\u00edc jsou neporovnateln\u011b levn\u011bj\u0161\u00ed, co\u017e je pro v\u00e1s dal\u0161\u00ed velk\u00e9 plus.D\u00edky ko\u017een\u00fdm dopl\u0148k\u016fm se i jinak nudn\u00fd outfit m\u016f\u017ee st\u00e1t prudce m\u00f3dn\u00ed inspirac\u00ed. Ko\u017een\u00fdch dopl\u0148k\u016f dnes se\u017eenete opravdu hodn\u011b, a nejen to. Na trhu, a to i v b\u011b\u017en\u00fdch \u0159et\u011bzc\u00edch, m\u00e1te na v\u00fdb\u011br velk\u00e9 mno\u017estv\u00ed ko\u017eenkov\u00e9ho oble\u010den\u00ed. Pro d\u00e1my jsou to nap\u0159\u00edklad ko\u017een\u00e9 k\u0159iv\u00e1ky, ko\u017een\u00e9 bundi\u010dky, ko\u017een\u00e9 kalhoty nebo ko\u017een\u00e9 sukn\u011b, kter\u00e9 se hodn\u011b nosili p\u0159edev\u0161\u00edm za\u010d\u00e1tkem 21. stolet\u00ed a nyn\u00ed se op\u011bt vrac\u00ed do m\u00f3dy. Velmi m\u00f3dn\u00ed jsou i v\u011bci z d\u017e\u00ednoviny, na kter\u00e9 jsou p\u0159id\u00e1ny ko\u017eenkov\u00e9 prvky, jako t\u0159eba z\u00e1platy.A to ani nemluv\u00edme o kabelk\u00e1ch. Dnes u v\u0161ech d\u00edvek i \u017een p\u0159eva\u017euj\u00ed ty z ko\u017eenky, proto\u017ee se tento materi\u00e1l na jejich v\u00fdrobu velmi osv\u011bd\u010dil a vypadaj\u00ed st\u00e1le skv\u011ble. Nebudete m\u00edt tedy probl\u00e9m sehnat tu svou vysn\u011bnou. A se\u017eenete je opravdu ve v\u0161ech cenov\u00fdch kategori\u00edch.Modern\u00ed jsou i \u0161perky vyroben\u00e9 z k\u016f\u017ee. V posledn\u00edch letech jsou t\u0159eba velmi modern\u00ed ko\u017een\u00e9 n\u00e1hrdeln\u00edky na stylu obojk\u016f, kter\u00fdm se \u0159\u00edk\u00e1 chokery. Ty ostatn\u011b se\u017eenete i z mnoha jin\u00fdch materi\u00e1l\u016f. Pokud nechcete nic tak v\u00fdrazn\u00e9ho, m\u016f\u017eete vyzkou\u0161et t\u0159eba ko\u017een\u00fd n\u00e1ramek. D\u00e1my se\u017eenou t\u0159eba i ko\u017een\u00e9 \u010delenky a stuhy do vlas\u016f. St\u00e1le velmi obl\u00edben\u00e9 jsou ko\u017een\u00e9 p\u00e1sky s r\u016fzn\u00fdmi ozdobn\u00fdmi sponami, kter\u00e9 mohou skv\u011ble doplnit v\u00e1\u0161 outfit. P\u00e1nov\u00e9 si je mohou d\u00e1t do kalhot, d\u00e1my s nimi ozdobit t\u0159eba voln\u011bj\u0161\u00ed \u0161aty.                                                                                                                                                                                                                                                                                                                                                                                                  "},{"@context":"https:\/\/schema.org\/","@type":"BreadcrumbList","itemListElement":[{"@type":"ListItem","position":1,"name":"Dopl\u0148te sv\u016fj outfit stylov\u00fdmi ko\u017een\u00fdmi prvky","item":"https:\/\/www.cherra.cz\/doplnte-svuj-outfit-stylovymi-kozenymi-prvky\/#breadcrumbitem"}]}]