[{"@context":"https:\/\/schema.org\/","@type":"Article","@id":"https:\/\/www.cherra.cz\/dotyka-se-moda-i-domacich-mazlicku\/#Article","mainEntityOfPage":"https:\/\/www.cherra.cz\/dotyka-se-moda-i-domacich-mazlicku\/","headline":"Dot\u00fdk\u00e1 se m\u00f3da i dom\u00e1c\u00edch mazl\u00ed\u010dk\u016f?","name":"Dot\u00fdk\u00e1 se m\u00f3da i dom\u00e1c\u00edch mazl\u00ed\u010dk\u016f?","description":"Kdy\u017e se mluv\u00ed o m\u00f3dn\u00edch trendech, v\u011bt\u0161inou m\u00e1me na mysli oble\u010den\u00ed. Nemus\u00ed to b\u00fdt v\u0161ak ani zdaleka pravidlem. M\u00f3d\u011b podl\u00e9haj\u00ed prakticky v\u0161echny oblasti na\u0161eho \u017eivota, a to v\u010detn\u011b na\u0161ich dom\u00e1c\u00edch &hellip; ","datePublished":"2022-12-28","dateModified":"2022-12-28","author":{"@type":"Person","@id":"https:\/\/www.cherra.cz\/author\/devene\/#Person","name":"devene","url":"https:\/\/www.cherra.cz\/author\/devene\/","identifier":1,"image":{"@type":"ImageObject","@id":"https:\/\/secure.gravatar.com\/avatar\/670235c08005d2f1b80a3d56a421809661de47ce0289bd1c93d0120f6ef211a4?s=96&d=mm&r=g","url":"https:\/\/secure.gravatar.com\/avatar\/670235c08005d2f1b80a3d56a421809661de47ce0289bd1c93d0120f6ef211a4?s=96&d=mm&r=g","height":96,"width":96}},"publisher":{"@type":"Organization","name":"cherra.cz","logo":{"@type":"ImageObject","@id":"\/logo.png","url":"\/logo.png","width":600,"height":60}},"image":{"@type":"ImageObject","@id":"https:\/\/www.cherra.cz\/wp-content\/uploads\/kozich2_1.jpg","url":"https:\/\/www.cherra.cz\/wp-content\/uploads\/kozich2_1.jpg","height":0,"width":0},"url":"https:\/\/www.cherra.cz\/dotyka-se-moda-i-domacich-mazlicku\/","about":["M\u00f3da"],"wordCount":470,"articleBody":"Kdy\u017e se mluv\u00ed o m\u00f3dn\u00edch trendech, v\u011bt\u0161inou m\u00e1me na mysli oble\u010den\u00ed. Nemus\u00ed to b\u00fdt v\u0161ak ani zdaleka pravidlem. M\u00f3d\u011b podl\u00e9haj\u00ed prakticky v\u0161echny oblasti na\u0161eho \u017eivota, a to v\u010detn\u011b na\u0161ich dom\u00e1c\u00edch mazl\u00ed\u010dk\u016f. A to hned n\u011bkolika zp\u016fsoby.\u00a0T\u00edm prvn\u00edm, se kter\u00fdm se setk\u00e1v\u00e1me zejm\u00e9na u ps\u016f, je m\u00f3dnost jednotliv\u00fdch plemen. Ta je \u010dasto zp\u016fsobena n\u011bjak\u00fdm popul\u00e1rn\u00edm filmem \u010di t\u0159eba celebritami, kter\u00e9 si ur\u010dit\u00e9 plemeno po\u0159\u00edd\u00ed. Lid\u00e9 si je pak, ve snaze je kop\u00edrovat, koup\u00ed tak\u00e9.\u00a0\u00a0Asi nen\u00ed t\u0159eba \u0159\u00edkat, \u017ee to nen\u00ed zrovna \u0161\u0165astn\u00e1 situace. Mnoho z\u00a0t\u011bchto plemen nen\u00ed p\u0159\u00edli\u0161 vhodn\u00fdch pro za\u010d\u00e1te\u010dn\u00edky, jin\u00e1 zase vy\u017eaduj\u00ed hodn\u011b pohybu a zam\u011bstn\u00e1n\u00ed, co\u017e jim b\u011b\u017en\u00fd \u010dlov\u011bk nedok\u00e1\u017ee p\u0159i nejlep\u0161\u00ed snaze poskytnout. V\u00fdsledkem jsou pak probl\u00e9mov\u00ed jedinci a ne\u0161\u0165astn\u00e9 zv\u00ed\u0159e i majitel.\u00a0D\u00e1le je to fakt, \u017ee u popul\u00e1rn\u00edch plemen se zvy\u0161uje nab\u00eddka \u0161t\u011b\u0148at, zejm\u00e9na t\u011bch bez pr\u016fkazu p\u016fvodu. U nich si v\u0161ak nem\u016f\u017eete b\u00fdt nikdy jisti p\u016fvodem, ani zdravotn\u00edm stavem rodi\u010d\u016f. D\u00edky tomu se jejich celkov\u00e9 zdrav\u00ed zhor\u0161uje a doch\u00e1z\u00ed ke sn\u00ed\u017een\u00ed pr\u016fm\u011brn\u00e9 d\u00e9lky i kvality \u017eivota dan\u00e9ho plemene.\u00a0\u00a0To ov\u0161em nen\u00ed jedin\u00e9, co p\u0159ich\u00e1z\u00ed a vych\u00e1z\u00ed z\u00a0m\u00f3dy. D\u00e1le jsou to tak\u00e9 nejr\u016fzn\u011bj\u0161\u00ed pom\u016fcky a propriety, kter\u00e9 pro sv\u00e1 zv\u00ed\u0159ata pou\u017e\u00edv\u00e1me. V\u00a0jednu dobu byly nap\u0159\u00edklad v\u00a0m\u00f3d\u011b flexi vod\u00edtka, av\u0161ak dnes se d\u00e1v\u00e1 p\u0159ednost sp\u00ed\u0161e t\u011bm klasick\u00fdm, nebo\u0165 za prv\u00e9 neu\u010d\u00ed zv\u00ed\u0159e tahat a za druh\u00e9 mu nepo\u0161kozuj\u00ed kr\u010dn\u00ed oblast.\u00a0D\u00e1le jsou tu tak\u00e9 metody v\u00fdcviku, kdy d\u0159\u00edve se pou\u017e\u00edvaly v\u011bt\u0161inou parforsn\u00ed metody, zat\u00edmco dnes v\u011bt\u0161ina lid\u00ed pou\u017e\u00edv\u00e1 sp\u00ed\u0161e pozitivn\u00ed motivaci. V\u011bt\u0161ina samoz\u0159ejm\u011b chce pro na\u0161e zv\u00ed\u0159e to nejlep\u0161\u00ed, ov\u0161em pro laika je t\u011b\u017ek\u00e9 poznat, co to vlastn\u011b je, a pak je jednoduch\u00e9 podlehnout nap\u0159\u00edklad reklam\u011b nebo pr\u00e1v\u011b m\u00f3dn\u00edm trend\u016fm.\u00a0M\u011bli bychom si v\u0161ak uv\u011bdomit, \u017ee zv\u00ed\u0159at\u016fm na tom v\u00a0\u017e\u00e1dn\u00e9m p\u0159\u00edpad\u011b nez\u00e1le\u017e\u00ed. V\u011bt\u0161inou jim je jedno, jestli j\u00ed z\u00a0vyv\u00fd\u0161en\u00e9 misky nebo z\u00a0t\u00e9 polo\u017een\u00e9 na zemi. A t\u00edm bychom se m\u011bli \u0159\u00eddit i my a d\u011blat p\u0159edev\u0161\u00edm to, co je pohodln\u00e9 pro zv\u00ed\u0159e. Ono je na n\u00e1s a na\u0161ich rozmarech toti\u017e naprosto z\u00e1visl\u00e9.                                                                                                                                                                                                                                                                                                                                                                                                "},{"@context":"https:\/\/schema.org\/","@type":"BreadcrumbList","itemListElement":[{"@type":"ListItem","position":1,"name":"Dot\u00fdk\u00e1 se m\u00f3da i dom\u00e1c\u00edch mazl\u00ed\u010dk\u016f?","item":"https:\/\/www.cherra.cz\/dotyka-se-moda-i-domacich-mazlicku\/#breadcrumbitem"}]}]