{"@context":"https:\/\/schema.org\/","@type":"CollectionPage","@id":"https:\/\/www.cherra.cz\/moda\/#CollectionPage","headline":"M\u00f3da Category","description":"","url":"https:\/\/www.cherra.cz\/moda\/","hasPart":[{"@type":"Article","@id":"https:\/\/www.cherra.cz\/dotyka-se-moda-i-domacich-mazlicku\/","headline":"Dot\u00fdk\u00e1 se m\u00f3da i dom\u00e1c\u00edch mazl\u00ed\u010dk\u016f?","url":"https:\/\/www.cherra.cz\/dotyka-se-moda-i-domacich-mazlicku\/","datePublished":"2022-12-28","dateModified":"2022-12-28","mainEntityOfPage":"https:\/\/www.cherra.cz\/dotyka-se-moda-i-domacich-mazlicku\/","author":{"@type":"Person","@id":"https:\/\/www.cherra.cz\/author\/devene\/#Person","name":"devene","url":"https:\/\/www.cherra.cz\/author\/devene\/","identifier":1,"image":{"@type":"ImageObject","@id":"https:\/\/secure.gravatar.com\/avatar\/670235c08005d2f1b80a3d56a421809661de47ce0289bd1c93d0120f6ef211a4?s=96&d=mm&r=g","url":"https:\/\/secure.gravatar.com\/avatar\/670235c08005d2f1b80a3d56a421809661de47ce0289bd1c93d0120f6ef211a4?s=96&d=mm&r=g","height":96,"width":96}},"publisher":{"@type":"Organization","name":"cherra.cz","logo":{"@type":"ImageObject","@id":"\/logo.png","url":"\/logo.png","width":600,"height":60}},"image":{"@type":"ImageObject","@id":"https:\/\/www.cherra.cz\/wp-content\/uploads\/kozich2_1.jpg","url":"https:\/\/www.cherra.cz\/wp-content\/uploads\/kozich2_1.jpg","height":0,"width":0},"keywords":null},{"@type":"Article","@id":"https:\/\/www.cherra.cz\/doplnky-k-outfitu\/","headline":"Dopl\u0148ky k outfitu","url":"https:\/\/www.cherra.cz\/doplnky-k-outfitu\/","datePublished":"2022-09-29","dateModified":"2023-06-14","mainEntityOfPage":"https:\/\/www.cherra.cz\/doplnky-k-outfitu\/","author":{"@type":"Person","@id":"https:\/\/www.cherra.cz\/author\/devene\/#Person","name":"devene","url":"https:\/\/www.cherra.cz\/author\/devene\/","identifier":1,"image":{"@type":"ImageObject","@id":"https:\/\/secure.gravatar.com\/avatar\/670235c08005d2f1b80a3d56a421809661de47ce0289bd1c93d0120f6ef211a4?s=96&d=mm&r=g","url":"https:\/\/secure.gravatar.com\/avatar\/670235c08005d2f1b80a3d56a421809661de47ce0289bd1c93d0120f6ef211a4?s=96&d=mm&r=g","height":96,"width":96}},"publisher":{"@type":"Organization","name":"cherra.cz","logo":{"@type":"ImageObject","@id":"\/logo.png","url":"\/logo.png","width":600,"height":60}},"image":{"@type":"ImageObject","@id":"https:\/\/www.cherra.cz\/wp-content\/uploads\/handbag-gd1054d7a8_1280.png","url":"https:\/\/www.cherra.cz\/wp-content\/uploads\/handbag-gd1054d7a8_1280.png","height":0,"width":0},"keywords":null},{"@type":"Article","@id":"https:\/\/www.cherra.cz\/jak-se-obleci-do-deste\/","headline":"Jak se obl\u00e9ci do de\u0161t\u011b?","url":"https:\/\/www.cherra.cz\/jak-se-obleci-do-deste\/","datePublished":"2022-07-21","dateModified":"2023-06-14","mainEntityOfPage":"https:\/\/www.cherra.cz\/jak-se-obleci-do-deste\/","author":{"@type":"Person","@id":"https:\/\/www.cherra.cz\/author\/devene\/#Person","name":"devene","url":"https:\/\/www.cherra.cz\/author\/devene\/","identifier":1,"image":{"@type":"ImageObject","@id":"https:\/\/secure.gravatar.com\/avatar\/670235c08005d2f1b80a3d56a421809661de47ce0289bd1c93d0120f6ef211a4?s=96&d=mm&r=g","url":"https:\/\/secure.gravatar.com\/avatar\/670235c08005d2f1b80a3d56a421809661de47ce0289bd1c93d0120f6ef211a4?s=96&d=mm&r=g","height":96,"width":96}},"publisher":{"@type":"Organization","name":"cherra.cz","logo":{"@type":"ImageObject","@id":"\/logo.png","url":"\/logo.png","width":600,"height":60}},"image":{"@type":"ImageObject","@id":"https:\/\/www.cherra.cz\/wp-content\/uploads\/surface-g693fea4da_640.jpg","url":"https:\/\/www.cherra.cz\/wp-content\/uploads\/surface-g693fea4da_640.jpg","height":0,"width":0},"keywords":null},{"@type":"Article","@id":"https:\/\/www.cherra.cz\/naucte-se-nosit-teplaky-a-spravne-je-kombinovat\/","headline":"Nau\u010dte se nosit tepl\u00e1ky a spr\u00e1vn\u011b je kombinovat","url":"https:\/\/www.cherra.cz\/naucte-se-nosit-teplaky-a-spravne-je-kombinovat\/","datePublished":"2022-04-09","dateModified":"2023-06-14","mainEntityOfPage":"https:\/\/www.cherra.cz\/naucte-se-nosit-teplaky-a-spravne-je-kombinovat\/","author":{"@type":"Person","@id":"https:\/\/www.cherra.cz\/author\/devene\/#Person","name":"devene","url":"https:\/\/www.cherra.cz\/author\/devene\/","identifier":1,"image":{"@type":"ImageObject","@id":"https:\/\/secure.gravatar.com\/avatar\/670235c08005d2f1b80a3d56a421809661de47ce0289bd1c93d0120f6ef211a4?s=96&d=mm&r=g","url":"https:\/\/secure.gravatar.com\/avatar\/670235c08005d2f1b80a3d56a421809661de47ce0289bd1c93d0120f6ef211a4?s=96&d=mm&r=g","height":96,"width":96}},"publisher":{"@type":"Organization","name":"cherra.cz","logo":{"@type":"ImageObject","@id":"\/logo.png","url":"\/logo.png","width":600,"height":60}},"image":{"@type":"ImageObject","@id":"https:\/\/www.cherra.cz\/wp-content\/uploads\/doll-1434699__340_1.jpg","url":"https:\/\/www.cherra.cz\/wp-content\/uploads\/doll-1434699__340_1.jpg","height":0,"width":0},"keywords":null}]}