[{"@context":"https:\/\/schema.org\/","@type":"Article","@id":"https:\/\/www.cherra.cz\/naucte-se-nosit-teplaky-a-spravne-je-kombinovat\/#Article","mainEntityOfPage":"https:\/\/www.cherra.cz\/naucte-se-nosit-teplaky-a-spravne-je-kombinovat\/","headline":"Nau\u010dte se nosit tepl\u00e1ky a spr\u00e1vn\u011b je kombinovat","name":"Nau\u010dte se nosit tepl\u00e1ky a spr\u00e1vn\u011b je kombinovat","description":"Tepl\u00e1ky pova\u017eujeme za velmi pohodln\u00e9 a p\u0159ev\u00e1\u017en\u011b dom\u00e1c\u00ed oble\u010den\u00ed. Ale tepl\u00e1ky se ur\u010dit\u011b nemus\u00edte b\u00e1t obl\u00e9knout i do m\u011bsta nebo na proch\u00e1zku.\u00a0 Nau\u010dte se nosit tepl\u00e1ky a spr\u00e1vn\u011b je kombinovat\u00a0 &hellip; ","datePublished":"2022-04-09","dateModified":"2023-06-14","author":{"@type":"Person","@id":"https:\/\/www.cherra.cz\/author\/devene\/#Person","name":"devene","url":"https:\/\/www.cherra.cz\/author\/devene\/","identifier":1,"image":{"@type":"ImageObject","@id":"https:\/\/secure.gravatar.com\/avatar\/670235c08005d2f1b80a3d56a421809661de47ce0289bd1c93d0120f6ef211a4?s=96&d=mm&r=g","url":"https:\/\/secure.gravatar.com\/avatar\/670235c08005d2f1b80a3d56a421809661de47ce0289bd1c93d0120f6ef211a4?s=96&d=mm&r=g","height":96,"width":96}},"publisher":{"@type":"Organization","name":"cherra.cz","logo":{"@type":"ImageObject","@id":"\/logo.png","url":"\/logo.png","width":600,"height":60}},"image":{"@type":"ImageObject","@id":"https:\/\/www.cherra.cz\/wp-content\/uploads\/doll-1434699__340_1.jpg","url":"https:\/\/www.cherra.cz\/wp-content\/uploads\/doll-1434699__340_1.jpg","height":0,"width":0},"url":"https:\/\/www.cherra.cz\/naucte-se-nosit-teplaky-a-spravne-je-kombinovat\/","about":["M\u00f3da"],"wordCount":511,"articleBody":"Tepl\u00e1ky pova\u017eujeme za velmi pohodln\u00e9 a p\u0159ev\u00e1\u017en\u011b dom\u00e1c\u00ed oble\u010den\u00ed. Ale tepl\u00e1ky se ur\u010dit\u011b nemus\u00edte b\u00e1t obl\u00e9knout i do m\u011bsta nebo na proch\u00e1zku.\u00a0Nau\u010dte se nosit tepl\u00e1ky a spr\u00e1vn\u011b je kombinovat\u00a0Asi nen\u00ed nikdo, kdo by doma nem\u011bl tepl\u00e1ky. Ov\u0161em v\u011bt\u0161ina lid\u00ed pova\u017euje tepl\u00e1ky jen za oble\u010den\u00ed, kter\u00e9 se hod\u00ed dom\u016f k televizi nebo maxim\u00e1ln\u011b do lesa \u010di na zahradu. V tepl\u00e1c\u00edch se nemus\u00edte schov\u00e1vat a nemus\u00edte s nimi chodit jen tam, kde v\u00e1s moc lid\u00ed neuvid\u00ed. Naopak i tepl\u00e1ky mohou vypadat velice stylov\u011b, mohou povzn\u00e9st v\u00e1\u0161 outfit a daj\u00ed se skv\u011ble kombinovat s nejr\u016fzn\u011bj\u0161\u00edmi kousky z \u0161atn\u00edku. Jen je t\u0159eba dob\u0159e vyb\u00edrat nejen tepl\u00e1ky ale i to, s \u010d\u00edm\u00a0 je budete kombinovat. Nau\u010dte se tyhle z\u00e1klady a v pohodln\u00fdch tepl\u00e1c\u00edch m\u016f\u017eete v klidu vyrazit do ulic m\u011bsta.\u00a0Pro\u010d pr\u00e1v\u011b tepl\u00e1ky?\u00a0Tepl\u00e1ky jsou pohodln\u00e9 a to jim nikdo neodp\u00e1\u0159e. Pr\u00e1v\u011b proto s oblibou tepl\u00e1ky nos\u00edme doma, jen\u017ee i jinde se p\u0159ece chceme c\u00edtit pohodln\u011b. Pokud v\u00e1s no\u0161en\u00ed tepl\u00e1k\u016f l\u00e1k\u00e1, m\u016f\u017eete si b\u00fdt jist\u00ed, \u017ee s nimi m\u016f\u017eete vyrazit t\u0159eba na n\u00e1kupy, do m\u011bsta na ob\u011bd \u010di na proch\u00e1zku. Je jedno, zda preferujete voln\u011bj\u0161\u00ed st\u0159ihy nebo m\u00e1te rad\u011bji tepl\u00e1ky upnut\u00e9. Co je d\u016fle\u017eit\u011bj\u0161\u00ed, je rozhodn\u011b to, k \u010demu si tepl\u00e1ky obl\u00e9knete a vezte, \u017ee dnes si m\u016f\u017eete dovolit t\u00e9m\u011b\u0159 cokoliv. A jestli\u017ee si nejste jisti v\u00fdb\u011brem, vsa\u010fte na tepl\u00e1kov\u00e9 soupravy. Ty p\u0159ece tak\u00e9 nejsou ur\u010deny jen d\u011btem na h\u0159i\u0161t\u011b.\u00a0Co s tepl\u00e1ky vypad\u00e1 dob\u0159e?\u00a0K tepl\u00e1k\u016fm m\u016f\u017eete nosit nap\u0159\u00edklad topy, klidn\u011b i ty krat\u0161\u00ed, ale i tri\u010dka a nejen sportovn\u00ed. Oble\u010dte k nim i ko\u0161ili nebo elegantn\u011bj\u0161\u00ed halenku, tuniku nebo voln\u011bj\u0161\u00ed svet\u0159\u00edk. Tepl\u00e1ky si tak\u00e9 velmi budou rozum\u011bt s d\u017e\u00ednovou bundou a oby\u010dejn\u00fdmi pl\u00e1t\u011bn\u00fdmi teniskami, m\u016f\u017eete klidn\u011b kombinovat i dv\u011b nebo t\u0159i barvy dohromady. Jestli\u017ee m\u00e1te r\u00e1di voln\u011bj\u0161\u00ed tepl\u00e1ky, je lep\u0161\u00ed volit ne tolik n\u00e1padn\u00fd a voln\u00fd vr\u0161ek, ale nap\u0159\u00edklad voln\u011bj\u0161\u00ed kostkovan\u00e1 ko\u0161ile, zastr\u010den\u00e1 do voln\u011bj\u0161\u00ed jednobarevn\u00fdch tepl\u00e1k\u016f, vytvo\u0159\u00ed velmi zaj\u00edmav\u00fd a mladistv\u00fd kontrast.\u00a0Co se t\u00fd\u010de dopl\u0148k\u016f, je lep\u0161\u00ed vyb\u00edrat men\u0161\u00ed bat\u016f\u017eky \u010di ledvinky rad\u011bji, ne\u017e klasickou elegantn\u00ed kabelku. Ur\u010dit\u011b se ale nebojte n\u00e1u\u0161nic, n\u00e1ramk\u016f a vlasov\u00fdch v\u00fdrazn\u011bj\u0161\u00edch dopl\u0148k\u016f. Z\u00e1kladem ka\u017ed\u00e9ho zvolen\u00e9ho modelu\u00a0s tepl\u00e1ky by ale m\u011bla b\u00fdt pohodlnost a praktick\u00e1 le\u017e\u00e9rnost. Takov\u00fd styl si jist\u011b obl\u00edb\u00edte.\u00a0                                                                                                                                                                                                                                                                                                                                                                                                "},{"@context":"https:\/\/schema.org\/","@type":"BreadcrumbList","itemListElement":[{"@type":"ListItem","position":1,"name":"Nau\u010dte se nosit tepl\u00e1ky a spr\u00e1vn\u011b je kombinovat","item":"https:\/\/www.cherra.cz\/naucte-se-nosit-teplaky-a-spravne-je-kombinovat\/#breadcrumbitem"}]}]