[{"@context":"https:\/\/schema.org\/","@type":"Article","@id":"https:\/\/www.cherra.cz\/netradicni-pozvanka-do-ceskych-budejovic\/#Article","mainEntityOfPage":"https:\/\/www.cherra.cz\/netradicni-pozvanka-do-ceskych-budejovic\/","headline":"Netradi\u010dn\u00ed pozv\u00e1nka do \u010cesk\u00fdch Bud\u011bjovic","name":"Netradi\u010dn\u00ed pozv\u00e1nka do \u010cesk\u00fdch Bud\u011bjovic","description":"Kdy\u017e se pozorn\u011b zad\u00edv\u00e1te na obsah v\u011bt\u0161iny turistick\u00fdch pr\u016fvodc\u016f a vyhled\u00e1te si informace o \u010cesk\u00fdch Bud\u011bjovic\u00edch, budou v\u00e1m p\u0159edkl\u00e1d\u00e1ny zpravidla nejzn\u00e1m\u011bj\u0161\u00ed a nejnav\u0161t\u011bvovan\u011bj\u0161\u00ed pam\u00e1tky v historick\u00e9m m\u011bstsk\u00e9m j\u00e1dru. Bude se &hellip; ","datePublished":"2022-09-06","dateModified":"2023-06-14","author":{"@type":"Person","@id":"https:\/\/www.cherra.cz\/author\/devene\/#Person","name":"devene","url":"https:\/\/www.cherra.cz\/author\/devene\/","identifier":1,"image":{"@type":"ImageObject","@id":"https:\/\/secure.gravatar.com\/avatar\/670235c08005d2f1b80a3d56a421809661de47ce0289bd1c93d0120f6ef211a4?s=96&d=mm&r=g","url":"https:\/\/secure.gravatar.com\/avatar\/670235c08005d2f1b80a3d56a421809661de47ce0289bd1c93d0120f6ef211a4?s=96&d=mm&r=g","height":96,"width":96}},"publisher":{"@type":"Organization","name":"cherra.cz","logo":{"@type":"ImageObject","@id":"\/logo.png","url":"\/logo.png","width":600,"height":60}},"image":{"@type":"ImageObject","@id":"https:\/\/www.cherra.cz\/wp-content\/uploads\/czech-budejovice-gb4781ac5b_640.jpg","url":"https:\/\/www.cherra.cz\/wp-content\/uploads\/czech-budejovice-gb4781ac5b_640.jpg","height":0,"width":0},"url":"https:\/\/www.cherra.cz\/netradicni-pozvanka-do-ceskych-budejovic\/","about":["Byznys"],"wordCount":442,"articleBody":"   Kdy\u017e se pozorn\u011b zad\u00edv\u00e1te na obsah v\u011bt\u0161iny turistick\u00fdch pr\u016fvodc\u016f a vyhled\u00e1te si informace o \u010cesk\u00fdch Bud\u011bjovic\u00edch, budou v\u00e1m p\u0159edkl\u00e1d\u00e1ny zpravidla nejzn\u00e1m\u011bj\u0161\u00ed a nejnav\u0161t\u011bvovan\u011bj\u0161\u00ed pam\u00e1tky v historick\u00e9m m\u011bstsk\u00e9m j\u00e1dru. Bude se to nej\u010dast\u011bji to\u010dit kolem n\u00e1m\u011bst\u00ed P\u0159emysla Otakara II., m\u011bstsk\u00e9 radnice, \u010dern\u00e9 v\u011b\u017ee a barokn\u00edch domovn\u00edch fas\u00e1d. To je samoz\u0159ejm\u011b naprosto v po\u0159\u00e1dku a souhlas\u00edme s t\u00edm, abyste prohl\u00eddku m\u011bsta za\u010dali pr\u00e1v\u011b zde, ale toto v\u00e1m zabere jen p\u00e1r hodin, co pak d\u00e1l? V\u00edte o tom, \u017ee levn\u00e9 ubytov\u00e1n\u00ed v \u010cesk\u00fdch Bud\u011bjovic\u00edch v\u00e1m nab\u00edz\u00ed mnohem v\u00edc, ne\u017e co se do\u010dtete v knih\u00e1ch?Soutok Mal\u0161e a Vltavy \u2013 toto je pro n\u011bkter\u00e9 z n\u00e1s velmi obl\u00edben\u00e9 m\u00edsto, dosahuje sem okraj rozs\u00e1hl\u00e9ho m\u011bstsk\u00e9ho parku Stromovka a spolu s okoln\u00edmi stromy a vodn\u00ed masou poskytuje obyvatel\u016fm krajsk\u00e9ho m\u011bsta pom\u011brn\u011b p\u0159\u00edjemn\u00e9 prost\u0159ed\u00ed pro rekreaci. M\u00e1te tu k dispozici plaveck\u00fd baz\u00e9n, atletick\u00fd stadion, stezku pro cyklisty a in-line brusla\u0159e, vedouc\u00ed a\u017e na Hlubokou nad Vltavou, a mimo jin\u00e9 i bosonoh\u00fd chodn\u00edk u Dlouh\u00e9ho mostu.\u010cesk\u00e9 Vrbn\u00e9 \u2013 m\u00e1te-li r\u00e1di vodn\u00ed sporty, zav\u00edtejte do m\u011bstsk\u00e9 \u010d\u00e1sti \u010cesk\u00e9 Vrbn\u00e9. Je tu vybudov\u00e1n vodn\u00ed slalomov\u00fd kan\u00e1l a k prohl\u00eddce v\u00e1m doporu\u010dujeme i P\u0159\u00edrodn\u00ed rezervaci Vrbensk\u00e9 rybn\u00edky. \u010cesk\u00e9 Vrbn\u00e9 se nach\u00e1z\u00ed v polovin\u011b cesta do Hlubok\u00e9 nad Vltavou a m\u016f\u017eete v\u00fdlet spojit s prohl\u00eddkou z\u00e1mku a z\u00e1meck\u00e9ho parku. Pokud to tu nezn\u00e1te, budete mo\u017en\u00e1 p\u0159ekvapeni, jak kr\u00e1sn\u00fd kout p\u0159\u00edrody to je.Blansk\u00fd les \u2013 \u010cesk\u00e9 Bud\u011bjovice jsou ide\u00e1ln\u00edm v\u00fdchoz\u00edm bodem pro cyklistick\u00e9 v\u00fdlety t\u00edmto sm\u011brem. Nenechte si uj\u00edt poho\u0159\u00ed, kter\u00e9 mnoho m\u00edstn\u00edch i vzd\u00e1len\u00fdch milovn\u00edk\u016f na\u0161\u00ed vlasti ozna\u010duje za jednu z nejzaj\u00edmav\u011bj\u0161\u00edch oblast\u00ed cel\u00e9 Evropy. N\u011bkter\u00e9 cyklostezky v\u00e1s provedou p\u0159ekr\u00e1sn\u00fdmi vyhl\u00eddkami do krajiny, z nich\u017e se v\u00e1m a\u017e m\u016f\u017ee tajit dech. Na sv\u00fdch cest\u00e1ch byste nem\u011bli minout Kle\u0165, Zlatou Korunu, \u010cesk\u00fd Krumlov, K\u0159em\u017ei, z\u0159\u00edceninu hradu D\u00edv\u010d\u00ed K\u00e1men a tak\u00e9 T\u0159\u00edsov, zejm\u00e9na \u010d\u00e1st Nad Vs\u00ed, odkud je n\u00e1dhern\u00fd panoramatick\u00fd pohled do bl\u00edzk\u00e9ho i vzd\u00e1len\u00e9ho okol\u00ed.                                                                                                                                                                                                                                                                                                                                                                                                  "},{"@context":"https:\/\/schema.org\/","@type":"BreadcrumbList","itemListElement":[{"@type":"ListItem","position":1,"name":"Netradi\u010dn\u00ed pozv\u00e1nka do \u010cesk\u00fdch Bud\u011bjovic","item":"https:\/\/www.cherra.cz\/netradicni-pozvanka-do-ceskych-budejovic\/#breadcrumbitem"}]}]