[{"@context":"https:\/\/schema.org\/","@type":"Article","@id":"https:\/\/www.cherra.cz\/proc-nosime-slunecni-bryle\/#Article","mainEntityOfPage":"https:\/\/www.cherra.cz\/proc-nosime-slunecni-bryle\/","headline":"Pro\u010d nos\u00edme slune\u010dn\u00ed br\u00fdle?","name":"Pro\u010d nos\u00edme slune\u010dn\u00ed br\u00fdle?","description":"Lid\u00e9 u\u017e se pomalu u\u010d\u00ed mazat opalovac\u00edm kr\u00e9mem, aby se chr\u00e1nili p\u0159ed slune\u010dn\u00edmi paprsky, kter\u00e9 mohou sp\u00e1lit na\u0161i k\u016f\u017ei a v n\u00ed i bu\u0148ky, kter\u00e9 se mohou natolik sp\u00e1lit a &hellip; ","datePublished":"2022-08-19","dateModified":"2024-01-04","author":{"@type":"Person","@id":"https:\/\/www.cherra.cz\/author\/devene\/#Person","name":"devene","url":"https:\/\/www.cherra.cz\/author\/devene\/","identifier":1,"image":{"@type":"ImageObject","@id":"https:\/\/secure.gravatar.com\/avatar\/670235c08005d2f1b80a3d56a421809661de47ce0289bd1c93d0120f6ef211a4?s=96&d=mm&r=g","url":"https:\/\/secure.gravatar.com\/avatar\/670235c08005d2f1b80a3d56a421809661de47ce0289bd1c93d0120f6ef211a4?s=96&d=mm&r=g","height":96,"width":96}},"publisher":{"@type":"Organization","name":"cherra.cz","logo":{"@type":"ImageObject","@id":"\/logo.png","url":"\/logo.png","width":600,"height":60}},"image":{"@type":"ImageObject","@id":"https:\/\/www.cherra.cz\/wp-content\/uploads\/accessory-gcc11adccf_640.jpg","url":"https:\/\/www.cherra.cz\/wp-content\/uploads\/accessory-gcc11adccf_640.jpg","height":0,"width":0},"url":"https:\/\/www.cherra.cz\/proc-nosime-slunecni-bryle\/","about":["V\u00fdrobky"],"wordCount":478,"articleBody":"           Lid\u00e9 u\u017e se pomalu u\u010d\u00ed mazat opalovac\u00edm kr\u00e9mem, aby se chr\u00e1nili p\u0159ed slune\u010dn\u00edmi paprsky, kter\u00e9 mohou sp\u00e1lit na\u0161i k\u016f\u017ei a v n\u00ed i bu\u0148ky, kter\u00e9 se mohou natolik sp\u00e1lit a zni\u010dit, a\u017e se m\u016f\u017ee vytvo\u0159it n\u00e1dor, co\u017e by znamenalo rakovinu. Mnoho lid\u00ed tak rad\u011bji pou\u017eije opalovac\u00ed kr\u00e9m, ne\u017e aby m\u011bli rakovinu. Je to velk\u00fd stra\u0161\u00e1k, nav\u00edc na ni neexistuje l\u00e9k (nebo mo\u017en\u00e1 ano a my to nev\u00edme), a tak se lid\u00e9 boj\u00ed, \u017ee se n\u011bco takov\u00e9ho p\u0159ihod\u00ed i jim. Nav\u00edc rakovina si v\u00e1s opravdu nevyb\u00edr\u00e1. Omot\u00e1 kolem v\u00e1s sv\u00e1 jedovat\u00e1 chapadla a je j\u00ed jedno, jestli v\u00e1m je dvacet, jestli m\u00e1te obrovskou rodinu, kterou nem\u016f\u017eete opustit nebo jestli v\u00e1m je pades\u00e1t \u010di nikoho nem\u00e1te. Napad\u00e1 lidi bez rozd\u00edlu. V\u0161echny. Ka\u017ed\u00e9ho, kdo j\u00ed p\u0159ijde do cesty. Rakovina je velmi bolestiv\u00e9 t\u00e9ma obzvl\u00e1\u0161\u0165 pro ty, kte\u0159\u00ed kv\u016fli n\u00ed o n\u011bkoho bl\u00edzk\u00e9ho p\u0159i\u0161li. Ka\u017ed\u00fd se boj\u00ed, a tak se rad\u0161i n\u011bjak\u00fdm kr\u00e9mem nama\u017ee. Jen\u017ee je tu st\u00e1le n\u011bco, na co skoro v\u0161ichni zapom\u00edn\u00e1me. A to jsou o\u010di. Dlouho se nos\u00ed slune\u010dn\u00ed br\u00fdle. \u010clov\u011bk by \u0159ekl, \u017ee se nos\u00ed proto, \u017ee je slune\u010dn\u00ed svit otravn\u00fd a lid\u00e9 to vymysleli proto, aby na slunci venku vid\u011bli, nen\u00ed tomu ale tak. Pokud si koup\u00edte spr\u00e1vn\u00e9 slune\u010dn\u00ed br\u00fdle, rozhodn\u011b to nen\u00ed ud\u011bl\u00e1no jen proto, abyste na slunci vid\u011bli a mohli tak pohodln\u011b \u0159\u00eddit a podobn\u011b. Br\u00fdle maj\u00ed toti\u017e hned n\u011bkolik vyu\u017eit\u00ed. Pro\u010d bychom m\u011bli nosit slune\u010dn\u00ed br\u00fdle https:\/\/blog.luxbryle.cz\/blog\/proc-bychom-meli-nosit-slunecni-bryle-b33.html? Jedno z vyu\u017eit\u00ed je ochrana p\u0159ed UV z\u00e1\u0159en\u00edm. Je to \u0161kodliv\u00e9 z\u00e1\u0159en\u00ed, d\u00edky kter\u00e9mu se opalujeme (v p\u0159ekladu spalujeme na\u0161e bu\u0148ky a k\u016f\u017ei za\u017eiva) a k\u016f\u017ee st\u00e1rne, v druh\u00e9m p\u0159\u00edpad\u011b mohou vytvo\u0159it \u0161ed\u00fd z\u00e1kal a r\u016fzn\u00e9 n\u00e1dory, jak bylo zm\u00edn\u011bno v\u00fd\u0161e. Je to zkr\u00e1tka z\u00e1\u0159en\u00ed, kter\u00e9 n\u00e1m \u0161kod\u00ed a mus\u00edme se p\u0159ed n\u00edm chr\u00e1nit. B\u011b\u017en\u00fd pobyt na slunci nevad\u00ed, sp\u00ed\u0161e pokud tr\u00e1v\u00edte v l\u00e9t\u011b cel\u00fd den na slunci, mus\u00edte se chr\u00e1nit i slune\u010dn\u00edmi br\u00fdlemi. Nav\u00edc jsou dobr\u00e9 na kolo proti mu\u0161k\u00e1m a drobn\u00e9mu hmyzu, kter\u00fd by v\u00e1m jinak nelet\u011bl do o\u010d\u00ed. Tak\u00e9 proti prachu a dal\u0161\u00edm ne\u010distot\u00e1m. Zkr\u00e1tka se nepou\u017e\u00edvaj\u00ed jen kv\u016fli tomu, abyste vid\u011bli na slunci venku.                                                                                                                                                                                                                                                                                                                                                                                                   "},{"@context":"https:\/\/schema.org\/","@type":"BreadcrumbList","itemListElement":[{"@type":"ListItem","position":1,"name":"Pro\u010d nos\u00edme slune\u010dn\u00ed br\u00fdle?","item":"https:\/\/www.cherra.cz\/proc-nosime-slunecni-bryle\/#breadcrumbitem"}]}]